{"id":5799,"date":"2026-04-22T15:52:42","date_gmt":"2026-04-22T13:52:42","guid":{"rendered":"https:\/\/www.themediaprostudio.com\/?p=5799"},"modified":"2026-04-22T15:52:46","modified_gmt":"2026-04-22T13:52:46","slug":"filming-gets-underway-on-season-two-of-celeste-the-movistar-plus-original-created-by-diego-san-jose-and-co-produced-with100-balas","status":"publish","type":"post","link":"https:\/\/www.themediaprostudio.com\/en\/filming-gets-underway-on-season-two-of-celeste-the-movistar-plus-original-created-by-diego-san-jose-and-co-produced-with100-balas\/","title":{"rendered":"Filming gets underway on season two of CELESTE, the MOVISTAR PLUS+ original created by Diego San Jos\u00e9 and co-produced with100 BALAS"},"content":{"rendered":"\n<p class=\"has-medium-font-size\">Carmen Machi returns as tax inspector Sara Santano, who this season sets her sights on a high-profile professional footballer<\/p>\n\n\n\n<p class=\"has-medium-font-size\">Elena Trap\u00e9 directs all six new episodes, written by Diego San Jos\u00e9 alongside Fernando Delgado-Hierro, Oriol Puig and Daniel Castro<\/p>\n\n\n\n<p class=\"has-medium-font-size\">Production begins as the series builds on its growing international success following recent launches in France and Argentina<\/p>\n\n\n\n<p>Production is underway on the second season of <em>CELESTE<\/em>, the Movistar Plus+ original series created by Diego San Jos\u00e9 and starring Carmen Machi. Co-produced with 100 Balas, the comedy returns following a critically acclaimed first season that positioned Celeste as one of the standout Spanish series of recent years, earning recognition across major international festivals and awards. The first season received widespread critical praise and picked up the Best Comedy Series awards at the Premios Ondas and Premios Feroz. It was also named Best Series in the Panorama section at Series Mania, won Best Comedy at the Italian Global Series Festival and the Festival Internacional de Cine de Almer\u00eda, and received multiple additional nominations.<\/p>\n\n\n\n<p>San Jos\u00e9 returns as lead writer, joined by Oriol Puig, who was part of the first season\u2019s writing team, along with Fernando Delgado\u2011Hierro and Daniel Castro, both collaborators on <em>Jakarta<\/em> and the first season of <em>Celeste<\/em>. Elena Trap\u00e9 returns to direct all six half-hour episodes, marking her third collaboration with San Jos\u00e9 after <em>Celeste<\/em> season one and <em>Jakarta<\/em>. The new season retains the core creative team behind the original instalment while introducing a fresh narrative focus.<\/p>\n\n\n\n<p><strong>FROM DIEGO SAN JOS\u00c9:<\/strong><\/p>\n\n\n\n<p><em>\u201cThere\u2019s only one thing with a worse reputation than tax inspectors: sequels. That\u2019s precisely why <\/em><em>CELESTE<\/em><em> deserved a second season, because the only universe with less charisma than the corridors of the Tax Agency is the world of follow-ups.<\/em><\/p>\n\n\n\n<p><em>This season changes many elements while keeping our original intention intact: to explore Spain through its public servants. A country is defined as much by what it rejects as by what it idolizes \u2014 and that led us to professional football. Tax inspectors lack admiration; footballers have it in abundance. They\u2019re the true idols of our time. A striker can be forgiven for anything from Monday to Friday as long as he keeps hitting the back of the net on the weekend. Only Sara Santano can challenge something as sacred in Spain as football. That\u2019s why it had to be her.\u201d<\/em><\/p>\n\n\n\n<p>Carmen Machi reprises her role as Sara Santano, the uncompromising Tax Agency inspector who has become one of the most distinctive characters of her career. Her performance in the first season earned multiple accolades, including the Fotogramas de Plata, the Premios Forqu\u00e9 and the Academia de Televisi\u00f3n de Espa\u00f1a Iris Award, along with Best Actress recognition at Series Mania and the Italian Global Series Festival. These honours add to a career spanning more than 40 awards, including a Premios Goya, three Premios Max, a Premios Ondas and the Honorary Biznaga at the Festival de M\u00e1laga.<\/p>\n\n\n\n<p>The start of filming coincides with <em>Celeste\u2019s<\/em> growing international momentum. The series recently premiered in France on Arte, generating strong critical response, and has also launched in Argentina on the Flow, where it has been warmly received.<\/p>\n\n\n\n<p><strong>Synopsis<\/strong><\/p>\n\n\n\n<p>In season two, Sara Santano reopens the investigation into a famous footballer who previously managed to evade his tax obligations, a case that brings the inspector face-to-face with one of the most influential worlds in contemporary Spain.<\/p>\n\n\n\n<p><strong>About Diego San Jos\u00e9<\/strong><\/p>\n\n\n\n<p>Diego San Jos\u00e9 is the creator of Jakarta, winner of the Premios Feroz for Best Drama Series, and the acclaimed trilogy <em>Vote for Juan, Vamos Juan <\/em>and<em> Venga Juan<\/em>, which won Best Comedy Series at the Feroz Awards in 2021 and 2022. In film, he has collaborated with Borja Cobeaga on titles including <em>Pagafantas<\/em>, <em>No controles<\/em>, <em>Spanish Affair, Bomb Scared <\/em>and<em> Superl\u00f3pez<\/em>, earning a nomination at the Premios Goya for Best Adapted Screenplay. He is currently developing the documentary <em>El otro Chiquito<\/em> for Movistar Plus+.<\/p>\n\n\n\n<p><strong>About Elena Trap\u00e9<\/strong><\/p>\n\n\n\n<p>Elena Trap\u00e9 won three Biznaga awards at the Festival de M\u00e1laga, Best Film, Best Director and Best Screenplay, for <em>The Distances<\/em>, which also won Best Film at the Premios Gaud\u00ed. Her third feature, <em>Els Encantats<\/em>, earned the Silver Biznaga for Best Screenplay. She has also directed acclaimed television titles including <em>Jakarta, Rapa, \u00c9lite <\/em>and<em> HIT<\/em>.<\/p>\n\n\n\n<p><strong>TECHNICAL DETAILS<\/strong><\/p>\n\n\n\n<p>Created by <strong>Diego San Jos\u00e9<\/strong><\/p>\n\n\n\n<p>Executive Producers: <strong>Fran Ara\u00fajo (Movistar Plus+), Javier M\u00e9ndez, Alejandro Fl\u00f3rez and Diego San Jos\u00e9 (100 Balas)<\/strong><\/p>\n\n\n\n<p>Director: <strong>Elena Trap\u00e9<\/strong><\/p>\n\n\n\n<p>Writers: <strong>Diego San Jos\u00e9, Fernando Delgado-Hierro, Oriol Puig and Daniel Castro<\/strong><\/p>\n\n\n\n<p>Production Manager: <strong>Juan Miguel Hern\u00e1ndez<\/strong><\/p>\n\n\n\n<p>Director of Photography: <strong>\u00c1lex Garc\u00eda Mart\u00ednez<\/strong><\/p>\n\n\n\n<p>Production Designer: <strong>Marc Pou de Frutos<\/strong><\/p>\n\n\n\n<p>Art Director: <strong>Alfonso Mancha<\/strong><\/p>\n\n\n\n<p>Costume Designer: <strong>Marta Murillo Arias<\/strong><\/p>\n","protected":false},"excerpt":{"rendered":"<p>Carmen Machi returns as tax inspector Sara Santano, who this season sets her sights on a high-profile professional footballer Elena Trap\u00e9 directs all six new episodes, written by Diego San Jos\u00e9 alongside Fernando Delgado-Hierro, Oriol Puig and Daniel Castro Production begins as the series builds on its growing international success following recent launches in France &#8230; <a title=\"Filming gets underway on season two of CELESTE, the MOVISTAR PLUS+ original created by Diego San Jos\u00e9 and co-produced with100 BALAS\" class=\"read-more\" href=\"https:\/\/www.themediaprostudio.com\/en\/filming-gets-underway-on-season-two-of-celeste-the-movistar-plus-original-created-by-diego-san-jose-and-co-produced-with100-balas\/\" aria-label=\"Read more about Filming gets underway on season two of CELESTE, the MOVISTAR PLUS+ original created by Diego San Jos\u00e9 and co-produced with100 BALAS\">Read more<\/a><\/p>\n","protected":false},"author":1,"featured_media":5797,"comment_status":"closed","ping_status":"open","sticky":false,"template":"","format":"standard","meta":{"_acf_changed":false,"footnotes":""},"categories":[1],"tags":[],"class_list":["post-5799","post","type-post","status-publish","format-standard","has-post-thumbnail","hentry","category-sin-categorizar"],"acf":[],"yoast_head":"<!-- This site is optimized with the Yoast SEO plugin v27.2 - https:\/\/yoast.com\/product\/yoast-seo-wordpress\/ -->\n<title>Filming gets underway on season two of CELESTE, the MOVISTAR PLUS+ original created by Diego San Jos\u00e9 and co-produced with100 BALAS - The Mediapro studio<\/title>\n<meta name=\"robots\" content=\"index, follow, max-snippet:-1, max-image-preview:large, max-video-preview:-1\" \/>\n<link rel=\"canonical\" href=\"https:\/\/www.themediaprostudio.com\/en\/filming-gets-underway-on-season-two-of-celeste-the-movistar-plus-original-created-by-diego-san-jose-and-co-produced-with100-balas\/\" \/>\n<meta property=\"og:locale\" content=\"en_US\" \/>\n<meta property=\"og:type\" content=\"article\" \/>\n<meta property=\"og:title\" content=\"Filming gets underway on season two of CELESTE, the MOVISTAR PLUS+ original created by Diego San Jos\u00e9 and co-produced with100 BALAS - The Mediapro studio\" \/>\n<meta property=\"og:description\" content=\"Carmen Machi returns as tax inspector Sara Santano, who this season sets her sights on a high-profile professional footballer Elena Trap\u00e9 directs all six new episodes, written by Diego San Jos\u00e9 alongside Fernando Delgado-Hierro, Oriol Puig and Daniel Castro Production begins as the series builds on its growing international success following recent launches in France ... Read more\" \/>\n<meta property=\"og:url\" content=\"https:\/\/www.themediaprostudio.com\/en\/filming-gets-underway-on-season-two-of-celeste-the-movistar-plus-original-created-by-diego-san-jose-and-co-produced-with100-balas\/\" \/>\n<meta property=\"og:site_name\" content=\"The Mediapro studio\" \/>\n<meta property=\"article:published_time\" content=\"2026-04-22T13:52:42+00:00\" \/>\n<meta property=\"article:modified_time\" content=\"2026-04-22T13:52:46+00:00\" \/>\n<meta property=\"og:image\" content=\"https:\/\/www.themediaprostudio.com\/wp-content\/uploads\/2026\/04\/CLT2_2026.04.16_@JAVIERPEREZGARCIA__JPG5465-v2-scaled.jpg\" \/>\n\t<meta property=\"og:image:width\" content=\"2560\" \/>\n\t<meta property=\"og:image:height\" content=\"1707\" \/>\n\t<meta property=\"og:image:type\" content=\"image\/jpeg\" \/>\n<meta name=\"author\" content=\"admin_pro\" \/>\n<meta name=\"twitter:card\" content=\"summary_large_image\" \/>\n<meta name=\"twitter:label1\" content=\"Written by\" \/>\n\t<meta name=\"twitter:data1\" content=\"admin_pro\" \/>\n\t<meta name=\"twitter:label2\" content=\"Est. reading time\" \/>\n\t<meta name=\"twitter:data2\" content=\"4 minutes\" \/>\n<script type=\"application\/ld+json\" class=\"yoast-schema-graph\">{\"@context\":\"https:\/\/schema.org\",\"@graph\":[{\"@type\":\"Article\",\"@id\":\"https:\/\/www.themediaprostudio.com\/en\/filming-gets-underway-on-season-two-of-celeste-the-movistar-plus-original-created-by-diego-san-jose-and-co-produced-with100-balas\/#article\",\"isPartOf\":{\"@id\":\"https:\/\/www.themediaprostudio.com\/en\/filming-gets-underway-on-season-two-of-celeste-the-movistar-plus-original-created-by-diego-san-jose-and-co-produced-with100-balas\/\"},\"author\":{\"name\":\"admin_pro\",\"@id\":\"https:\/\/www.themediaprostudio.com\/en\/#\/schema\/person\/1166b71cd5e4052a3ecfe3886f0da23c\"},\"headline\":\"Filming gets underway on season two of CELESTE, the MOVISTAR PLUS+ original created by Diego San Jos\u00e9 and co-produced with100 BALAS\",\"datePublished\":\"2026-04-22T13:52:42+00:00\",\"dateModified\":\"2026-04-22T13:52:46+00:00\",\"mainEntityOfPage\":{\"@id\":\"https:\/\/www.themediaprostudio.com\/en\/filming-gets-underway-on-season-two-of-celeste-the-movistar-plus-original-created-by-diego-san-jose-and-co-produced-with100-balas\/\"},\"wordCount\":805,\"publisher\":{\"@id\":\"https:\/\/www.themediaprostudio.com\/en\/#organization\"},\"image\":{\"@id\":\"https:\/\/www.themediaprostudio.com\/en\/filming-gets-underway-on-season-two-of-celeste-the-movistar-plus-original-created-by-diego-san-jose-and-co-produced-with100-balas\/#primaryimage\"},\"thumbnailUrl\":\"https:\/\/www.themediaprostudio.com\/wp-content\/uploads\/2026\/04\/CLT2_2026.04.16_@JAVIERPEREZGARCIA__JPG5465-v2-scaled.jpg\",\"articleSection\":[\"Sin categorizar\"],\"inLanguage\":\"en-US\"},{\"@type\":\"WebPage\",\"@id\":\"https:\/\/www.themediaprostudio.com\/en\/filming-gets-underway-on-season-two-of-celeste-the-movistar-plus-original-created-by-diego-san-jose-and-co-produced-with100-balas\/\",\"url\":\"https:\/\/www.themediaprostudio.com\/en\/filming-gets-underway-on-season-two-of-celeste-the-movistar-plus-original-created-by-diego-san-jose-and-co-produced-with100-balas\/\",\"name\":\"Filming gets underway on season two of CELESTE, the MOVISTAR PLUS+ original created by Diego San Jos\u00e9 and co-produced with100 BALAS - The Mediapro studio\",\"isPartOf\":{\"@id\":\"https:\/\/www.themediaprostudio.com\/en\/#website\"},\"primaryImageOfPage\":{\"@id\":\"https:\/\/www.themediaprostudio.com\/en\/filming-gets-underway-on-season-two-of-celeste-the-movistar-plus-original-created-by-diego-san-jose-and-co-produced-with100-balas\/#primaryimage\"},\"image\":{\"@id\":\"https:\/\/www.themediaprostudio.com\/en\/filming-gets-underway-on-season-two-of-celeste-the-movistar-plus-original-created-by-diego-san-jose-and-co-produced-with100-balas\/#primaryimage\"},\"thumbnailUrl\":\"https:\/\/www.themediaprostudio.com\/wp-content\/uploads\/2026\/04\/CLT2_2026.04.16_@JAVIERPEREZGARCIA__JPG5465-v2-scaled.jpg\",\"datePublished\":\"2026-04-22T13:52:42+00:00\",\"dateModified\":\"2026-04-22T13:52:46+00:00\",\"breadcrumb\":{\"@id\":\"https:\/\/www.themediaprostudio.com\/en\/filming-gets-underway-on-season-two-of-celeste-the-movistar-plus-original-created-by-diego-san-jose-and-co-produced-with100-balas\/#breadcrumb\"},\"inLanguage\":\"en-US\",\"potentialAction\":[{\"@type\":\"ReadAction\",\"target\":[\"https:\/\/www.themediaprostudio.com\/en\/filming-gets-underway-on-season-two-of-celeste-the-movistar-plus-original-created-by-diego-san-jose-and-co-produced-with100-balas\/\"]}]},{\"@type\":\"ImageObject\",\"inLanguage\":\"en-US\",\"@id\":\"https:\/\/www.themediaprostudio.com\/en\/filming-gets-underway-on-season-two-of-celeste-the-movistar-plus-original-created-by-diego-san-jose-and-co-produced-with100-balas\/#primaryimage\",\"url\":\"https:\/\/www.themediaprostudio.com\/wp-content\/uploads\/2026\/04\/CLT2_2026.04.16_@JAVIERPEREZGARCIA__JPG5465-v2-scaled.jpg\",\"contentUrl\":\"https:\/\/www.themediaprostudio.com\/wp-content\/uploads\/2026\/04\/CLT2_2026.04.16_@JAVIERPEREZGARCIA__JPG5465-v2-scaled.jpg\",\"width\":2560,\"height\":1707},{\"@type\":\"BreadcrumbList\",\"@id\":\"https:\/\/www.themediaprostudio.com\/en\/filming-gets-underway-on-season-two-of-celeste-the-movistar-plus-original-created-by-diego-san-jose-and-co-produced-with100-balas\/#breadcrumb\",\"itemListElement\":[{\"@type\":\"ListItem\",\"position\":1,\"name\":\"Portada\",\"item\":\"https:\/\/www.themediaprostudio.com\/en\/home\/\"},{\"@type\":\"ListItem\",\"position\":2,\"name\":\"Filming gets underway on season two of CELESTE, the MOVISTAR PLUS+ original created by Diego San Jos\u00e9 and co-produced with100 BALAS\"}]},{\"@type\":\"WebSite\",\"@id\":\"https:\/\/www.themediaprostudio.com\/en\/#website\",\"url\":\"https:\/\/www.themediaprostudio.com\/en\/\",\"name\":\"The Mediapro studio\",\"description\":\"\",\"publisher\":{\"@id\":\"https:\/\/www.themediaprostudio.com\/en\/#organization\"},\"potentialAction\":[{\"@type\":\"SearchAction\",\"target\":{\"@type\":\"EntryPoint\",\"urlTemplate\":\"https:\/\/www.themediaprostudio.com\/en\/?s={search_term_string}\"},\"query-input\":{\"@type\":\"PropertyValueSpecification\",\"valueRequired\":true,\"valueName\":\"search_term_string\"}}],\"inLanguage\":\"en-US\"},{\"@type\":\"Organization\",\"@id\":\"https:\/\/www.themediaprostudio.com\/en\/#organization\",\"name\":\"The Mediapro studio\",\"url\":\"https:\/\/www.themediaprostudio.com\/en\/\",\"logo\":{\"@type\":\"ImageObject\",\"inLanguage\":\"en-US\",\"@id\":\"https:\/\/www.themediaprostudio.com\/en\/#\/schema\/logo\/image\/\",\"url\":\"https:\/\/www.themediaprostudio.com\/wp-content\/uploads\/2024\/07\/Logo-TMS.png\",\"contentUrl\":\"https:\/\/www.themediaprostudio.com\/wp-content\/uploads\/2024\/07\/Logo-TMS.png\",\"width\":1000,\"height\":446,\"caption\":\"The Mediapro studio\"},\"image\":{\"@id\":\"https:\/\/www.themediaprostudio.com\/en\/#\/schema\/logo\/image\/\"}},{\"@type\":\"Person\",\"@id\":\"https:\/\/www.themediaprostudio.com\/en\/#\/schema\/person\/1166b71cd5e4052a3ecfe3886f0da23c\",\"name\":\"admin_pro\",\"image\":{\"@type\":\"ImageObject\",\"inLanguage\":\"en-US\",\"@id\":\"https:\/\/secure.gravatar.com\/avatar\/94dc1550fb4590f9f64a91938c059c6ac56a4437d029aef0b63bda4f80f41d84?s=96&d=mm&r=g\",\"url\":\"https:\/\/secure.gravatar.com\/avatar\/94dc1550fb4590f9f64a91938c059c6ac56a4437d029aef0b63bda4f80f41d84?s=96&d=mm&r=g\",\"contentUrl\":\"https:\/\/secure.gravatar.com\/avatar\/94dc1550fb4590f9f64a91938c059c6ac56a4437d029aef0b63bda4f80f41d84?s=96&d=mm&r=g\",\"caption\":\"admin_pro\"},\"sameAs\":[\"https:\/\/www.themediaprostudio.com\"],\"url\":\"https:\/\/www.themediaprostudio.com\/en\/author\/admin_pro\/\"}]}<\/script>\n<!-- \/ Yoast SEO plugin. -->","yoast_head_json":{"title":"Filming gets underway on season two of CELESTE, the MOVISTAR PLUS+ original created by Diego San Jos\u00e9 and co-produced with100 BALAS - The Mediapro studio","robots":{"index":"index","follow":"follow","max-snippet":"max-snippet:-1","max-image-preview":"max-image-preview:large","max-video-preview":"max-video-preview:-1"},"canonical":"https:\/\/www.themediaprostudio.com\/en\/filming-gets-underway-on-season-two-of-celeste-the-movistar-plus-original-created-by-diego-san-jose-and-co-produced-with100-balas\/","og_locale":"en_US","og_type":"article","og_title":"Filming gets underway on season two of CELESTE, the MOVISTAR PLUS+ original created by Diego San Jos\u00e9 and co-produced with100 BALAS - The Mediapro studio","og_description":"Carmen Machi returns as tax inspector Sara Santano, who this season sets her sights on a high-profile professional footballer Elena Trap\u00e9 directs all six new episodes, written by Diego San Jos\u00e9 alongside Fernando Delgado-Hierro, Oriol Puig and Daniel Castro Production begins as the series builds on its growing international success following recent launches in France ... Read more","og_url":"https:\/\/www.themediaprostudio.com\/en\/filming-gets-underway-on-season-two-of-celeste-the-movistar-plus-original-created-by-diego-san-jose-and-co-produced-with100-balas\/","og_site_name":"The Mediapro studio","article_published_time":"2026-04-22T13:52:42+00:00","article_modified_time":"2026-04-22T13:52:46+00:00","og_image":[{"width":2560,"height":1707,"url":"https:\/\/www.themediaprostudio.com\/wp-content\/uploads\/2026\/04\/CLT2_2026.04.16_@JAVIERPEREZGARCIA__JPG5465-v2-scaled.jpg","type":"image\/jpeg"}],"author":"admin_pro","twitter_card":"summary_large_image","twitter_misc":{"Written by":"admin_pro","Est. reading time":"4 minutes"},"schema":{"@context":"https:\/\/schema.org","@graph":[{"@type":"Article","@id":"https:\/\/www.themediaprostudio.com\/en\/filming-gets-underway-on-season-two-of-celeste-the-movistar-plus-original-created-by-diego-san-jose-and-co-produced-with100-balas\/#article","isPartOf":{"@id":"https:\/\/www.themediaprostudio.com\/en\/filming-gets-underway-on-season-two-of-celeste-the-movistar-plus-original-created-by-diego-san-jose-and-co-produced-with100-balas\/"},"author":{"name":"admin_pro","@id":"https:\/\/www.themediaprostudio.com\/en\/#\/schema\/person\/1166b71cd5e4052a3ecfe3886f0da23c"},"headline":"Filming gets underway on season two of CELESTE, the MOVISTAR PLUS+ original created by Diego San Jos\u00e9 and co-produced with100 BALAS","datePublished":"2026-04-22T13:52:42+00:00","dateModified":"2026-04-22T13:52:46+00:00","mainEntityOfPage":{"@id":"https:\/\/www.themediaprostudio.com\/en\/filming-gets-underway-on-season-two-of-celeste-the-movistar-plus-original-created-by-diego-san-jose-and-co-produced-with100-balas\/"},"wordCount":805,"publisher":{"@id":"https:\/\/www.themediaprostudio.com\/en\/#organization"},"image":{"@id":"https:\/\/www.themediaprostudio.com\/en\/filming-gets-underway-on-season-two-of-celeste-the-movistar-plus-original-created-by-diego-san-jose-and-co-produced-with100-balas\/#primaryimage"},"thumbnailUrl":"https:\/\/www.themediaprostudio.com\/wp-content\/uploads\/2026\/04\/CLT2_2026.04.16_@JAVIERPEREZGARCIA__JPG5465-v2-scaled.jpg","articleSection":["Sin categorizar"],"inLanguage":"en-US"},{"@type":"WebPage","@id":"https:\/\/www.themediaprostudio.com\/en\/filming-gets-underway-on-season-two-of-celeste-the-movistar-plus-original-created-by-diego-san-jose-and-co-produced-with100-balas\/","url":"https:\/\/www.themediaprostudio.com\/en\/filming-gets-underway-on-season-two-of-celeste-the-movistar-plus-original-created-by-diego-san-jose-and-co-produced-with100-balas\/","name":"Filming gets underway on season two of CELESTE, the MOVISTAR PLUS+ original created by Diego San Jos\u00e9 and co-produced with100 BALAS - The Mediapro studio","isPartOf":{"@id":"https:\/\/www.themediaprostudio.com\/en\/#website"},"primaryImageOfPage":{"@id":"https:\/\/www.themediaprostudio.com\/en\/filming-gets-underway-on-season-two-of-celeste-the-movistar-plus-original-created-by-diego-san-jose-and-co-produced-with100-balas\/#primaryimage"},"image":{"@id":"https:\/\/www.themediaprostudio.com\/en\/filming-gets-underway-on-season-two-of-celeste-the-movistar-plus-original-created-by-diego-san-jose-and-co-produced-with100-balas\/#primaryimage"},"thumbnailUrl":"https:\/\/www.themediaprostudio.com\/wp-content\/uploads\/2026\/04\/CLT2_2026.04.16_@JAVIERPEREZGARCIA__JPG5465-v2-scaled.jpg","datePublished":"2026-04-22T13:52:42+00:00","dateModified":"2026-04-22T13:52:46+00:00","breadcrumb":{"@id":"https:\/\/www.themediaprostudio.com\/en\/filming-gets-underway-on-season-two-of-celeste-the-movistar-plus-original-created-by-diego-san-jose-and-co-produced-with100-balas\/#breadcrumb"},"inLanguage":"en-US","potentialAction":[{"@type":"ReadAction","target":["https:\/\/www.themediaprostudio.com\/en\/filming-gets-underway-on-season-two-of-celeste-the-movistar-plus-original-created-by-diego-san-jose-and-co-produced-with100-balas\/"]}]},{"@type":"ImageObject","inLanguage":"en-US","@id":"https:\/\/www.themediaprostudio.com\/en\/filming-gets-underway-on-season-two-of-celeste-the-movistar-plus-original-created-by-diego-san-jose-and-co-produced-with100-balas\/#primaryimage","url":"https:\/\/www.themediaprostudio.com\/wp-content\/uploads\/2026\/04\/CLT2_2026.04.16_@JAVIERPEREZGARCIA__JPG5465-v2-scaled.jpg","contentUrl":"https:\/\/www.themediaprostudio.com\/wp-content\/uploads\/2026\/04\/CLT2_2026.04.16_@JAVIERPEREZGARCIA__JPG5465-v2-scaled.jpg","width":2560,"height":1707},{"@type":"BreadcrumbList","@id":"https:\/\/www.themediaprostudio.com\/en\/filming-gets-underway-on-season-two-of-celeste-the-movistar-plus-original-created-by-diego-san-jose-and-co-produced-with100-balas\/#breadcrumb","itemListElement":[{"@type":"ListItem","position":1,"name":"Portada","item":"https:\/\/www.themediaprostudio.com\/en\/home\/"},{"@type":"ListItem","position":2,"name":"Filming gets underway on season two of CELESTE, the MOVISTAR PLUS+ original created by Diego San Jos\u00e9 and co-produced with100 BALAS"}]},{"@type":"WebSite","@id":"https:\/\/www.themediaprostudio.com\/en\/#website","url":"https:\/\/www.themediaprostudio.com\/en\/","name":"The Mediapro studio","description":"","publisher":{"@id":"https:\/\/www.themediaprostudio.com\/en\/#organization"},"potentialAction":[{"@type":"SearchAction","target":{"@type":"EntryPoint","urlTemplate":"https:\/\/www.themediaprostudio.com\/en\/?s={search_term_string}"},"query-input":{"@type":"PropertyValueSpecification","valueRequired":true,"valueName":"search_term_string"}}],"inLanguage":"en-US"},{"@type":"Organization","@id":"https:\/\/www.themediaprostudio.com\/en\/#organization","name":"The Mediapro studio","url":"https:\/\/www.themediaprostudio.com\/en\/","logo":{"@type":"ImageObject","inLanguage":"en-US","@id":"https:\/\/www.themediaprostudio.com\/en\/#\/schema\/logo\/image\/","url":"https:\/\/www.themediaprostudio.com\/wp-content\/uploads\/2024\/07\/Logo-TMS.png","contentUrl":"https:\/\/www.themediaprostudio.com\/wp-content\/uploads\/2024\/07\/Logo-TMS.png","width":1000,"height":446,"caption":"The Mediapro studio"},"image":{"@id":"https:\/\/www.themediaprostudio.com\/en\/#\/schema\/logo\/image\/"}},{"@type":"Person","@id":"https:\/\/www.themediaprostudio.com\/en\/#\/schema\/person\/1166b71cd5e4052a3ecfe3886f0da23c","name":"admin_pro","image":{"@type":"ImageObject","inLanguage":"en-US","@id":"https:\/\/secure.gravatar.com\/avatar\/94dc1550fb4590f9f64a91938c059c6ac56a4437d029aef0b63bda4f80f41d84?s=96&d=mm&r=g","url":"https:\/\/secure.gravatar.com\/avatar\/94dc1550fb4590f9f64a91938c059c6ac56a4437d029aef0b63bda4f80f41d84?s=96&d=mm&r=g","contentUrl":"https:\/\/secure.gravatar.com\/avatar\/94dc1550fb4590f9f64a91938c059c6ac56a4437d029aef0b63bda4f80f41d84?s=96&d=mm&r=g","caption":"admin_pro"},"sameAs":["https:\/\/www.themediaprostudio.com"],"url":"https:\/\/www.themediaprostudio.com\/en\/author\/admin_pro\/"}]}},"_links":{"self":[{"href":"https:\/\/www.themediaprostudio.com\/en\/wp-json\/wp\/v2\/posts\/5799","targetHints":{"allow":["GET"]}}],"collection":[{"href":"https:\/\/www.themediaprostudio.com\/en\/wp-json\/wp\/v2\/posts"}],"about":[{"href":"https:\/\/www.themediaprostudio.com\/en\/wp-json\/wp\/v2\/types\/post"}],"author":[{"embeddable":true,"href":"https:\/\/www.themediaprostudio.com\/en\/wp-json\/wp\/v2\/users\/1"}],"replies":[{"embeddable":true,"href":"https:\/\/www.themediaprostudio.com\/en\/wp-json\/wp\/v2\/comments?post=5799"}],"version-history":[{"count":1,"href":"https:\/\/www.themediaprostudio.com\/en\/wp-json\/wp\/v2\/posts\/5799\/revisions"}],"predecessor-version":[{"id":5800,"href":"https:\/\/www.themediaprostudio.com\/en\/wp-json\/wp\/v2\/posts\/5799\/revisions\/5800"}],"wp:featuredmedia":[{"embeddable":true,"href":"https:\/\/www.themediaprostudio.com\/en\/wp-json\/wp\/v2\/media\/5797"}],"wp:attachment":[{"href":"https:\/\/www.themediaprostudio.com\/en\/wp-json\/wp\/v2\/media?parent=5799"}],"wp:term":[{"taxonomy":"category","embeddable":true,"href":"https:\/\/www.themediaprostudio.com\/en\/wp-json\/wp\/v2\/categories?post=5799"},{"taxonomy":"post_tag","embeddable":true,"href":"https:\/\/www.themediaprostudio.com\/en\/wp-json\/wp\/v2\/tags?post=5799"}],"curies":[{"name":"wp","href":"https:\/\/api.w.org\/{rel}","templated":true}]}}